{"id":5186,"date":"2023-01-04T12:13:28","date_gmt":"2023-01-04T11:13:28","guid":{"rendered":"https:\/\/mentalhealthatwork.com.pl\/?p=5186"},"modified":"2023-02-01T16:44:05","modified_gmt":"2023-02-01T15:44:05","slug":"trudni-wspolpracownicy-cz-1","status":"publish","type":"post","link":"https:\/\/mentalhealthatwork.com.pl\/en\/trudni-wspolpracownicy-cz-1\/","title":{"rendered":"TRUDNI WSP\u00d3\u0141PRACOWNICY CZ. 1"},"content":{"rendered":"<p><em>Co w\u0142a\u015bciwie oznacza \u201eJa\u201d?<\/em><\/p>\n\n\n\n<p>Na \u015bwiecie jest blisko osiem miliard\u00f3w ludzi. Oznacza to, \u017ce jest dok\u0142adnie tyle postaci mog\u0105cych wypowiedzie\u0107 si\u0119 \u201eJa\u201d. Ale czym jest w og\u00f3le to \u201eJa\u201d? Najog\u00f3lniej m\u00f3wi\u0105c to \u015bwiadomo\u015b\u0107 w\u0142asnej osoby &#8211; jakie przypisuje si\u0119 sobie cechy i\u00a0dyspozycje, a tak\u017ce jakie ma si\u0119 przekonania o sobie. \u201cJa\u201d jest swoist\u0105 map\u0105, kt\u00f3ra pozwala osobie na orientacj\u0119 w \u015bwiecie zewn\u0119trznym (w tym na filtrowanie informacji czy reagowanie na otoczenie) i refleksj\u0119 dotycz\u0105c\u0105 samego siebie.<\/p>\n\n\n\n<p><em>Co kszta\u0142tuje osobowo\u015b\u0107? Jak mo\u017cna j\u0105 opisa\u0107?<\/em><\/p>\n\n\n\n<p>Postrzeganie siebie i interakcje z otoczeniem ukszta\u0142towane s\u0105 przez wiele czynnik\u00f3w. E. H. Erikson (autor teorii o etapach rozwoju to\u017csamo\u015bci) wyr\u00f3\u017cni\u0142 osiem faz rozwojowych cz\u0142owieka i kryzys\u00f3w, kt\u00f3re przechodzi on w rozwoju. Szczeg\u00f3lnie mocno akcentowa\u0142 rol\u0119 wczesnego dzieci\u0144stwa i&nbsp; dojrzewania, w kt\u00f3rym to okresie dokonuje si\u0119 przej\u015bcie od dzieci\u0144stwa do wieku doros\u0142ego. W\u015br\u00f3d istotnych czynnik\u00f3w wyr\u00f3\u017cni\u0142 interakcje z opiekunami, to w jaki spos\u00f3b reagowali oni na potrzeby dziecka, jako\u015b\u0107 wytworzonych wi\u0119zi i zaszczepione warto\u015bci. Zdarzenia w tych stadiach maj\u0105 kluczowe znaczenie dla osobowo\u015bci cz\u0142owieka doros\u0142ego.&nbsp;<\/p>\n\n\n\n<p><br>W niniejszym tek\u015bcie do podstaw opisu osobowo\u015bci pracownika pos\u0142u\u017c\u0105: temperament, pi\u0119cioczynnikowy model osobowo\u015bci Paula Costy i Roberta McCrae\u2019a oraz rodzaje osobowo\u015bci wed\u0142ug Junga. Celem usystematyzowania poj\u0119\u0107 poni\u017cej znajduje si\u0119 kr\u00f3tki opis poszczeg\u00f3lnych teorii.&nbsp;<\/p>\n\n\n\n<p>Temperament jest zespo\u0142em wzgl\u0119dnie sta\u0142ych cech osobowo\u015bci. Hipokrates oraz Galen wyr\u00f3\u017cnili cztery podstawowe typy temperamentu: sangwinika, choleryka, flegmatyka i melancholika.&nbsp; Obecnie do opisu temperamentu popularna jest teoria Strelau\u2019a. Koncepcja ta charakteryzuje temperament na dw\u00f3ch p\u0142aszczyznach: energetycznej i czasowej. W wymiarze czasowym mo\u017ce on przyjmowa\u0107 dwa rodzaje cech: perseweratywno\u015b\u0107 \u2013 dotyczy kontynuowania dzia\u0142a\u0144 po zaprzestaniu stymulacji oraz \u017cwawo\u015b\u0107 \u2013 szybko\u015b\u0107 reagowania, wysokie tempo aktywno\u015bci. Wymiar czasowy podzielony jest na&nbsp;cztery g\u0142\u00f3wne czynniki:&nbsp;<\/p>\n\n\n\n<p>&#8211; aktywno\u015b\u0107 \u2013 sk\u0142onno\u015b\u0107 do zachowa\u0144 o wysokiej warto\u015bci stymulacyjnej;<br>&#8211; reaktywno\u015b\u0107 emocjonalna \u2013 nag\u0142e i silne reagowanie na bod\u017ace,&nbsp;<br>&#8211; wra\u017cliwo\u015b\u0107 sensoryczna \u2013 reagowanie na s\u0142abe bod\u017ace,<br>&#8211; wytrzyma\u0142o\u015b\u0107 \u2013 opisuje odpowied\u017a na bod\u017ace silne i\/lub d\u0142ugotrwa\u0142e.<\/p>\n\n\n\n<p>Pi\u0119cioczynnikowy model osobowo\u015bci nazywany jest potocznie Wielk\u0105 Pi\u0105tk\u0105. Wyr\u00f3\u017cniono w nim pi\u0119\u0107 kluczowych cech, kt\u00f3re w r\u00f3\u017cnym nat\u0119\u017ceniu wyst\u0119puj\u0105 u ka\u017cdego cz\u0142owieka. Nale\u017c\u0105 do nich poni\u017cej opisane sk\u0142adniki, w nawiasach opisano drugie bieguny nasilenia danej cechy.<\/p>\n\n\n\n<ul class=\"wp-block-list\">\n<li>Neurotyczno\u015b\u0107 (lub sta\u0142o\u015b\u0107 emocjonalna) \u2013 sk\u0142onno\u015b\u0107 do prze\u017cywania negatywnych emocji takich jak niepok\u00f3j, l\u0119k, gniew lub smutek oraz podatno\u015b\u0107 na stres. Sta\u0142o\u015b\u0107 emocjonalna przejawia si\u0119 w dobrym odnajdywaniu si\u0119 w sytuacjach stresowych.<\/li>\n\n\n\n<li>Ekstrawersja (lub introwersja) \u2013 zdolno\u015b\u0107 do do\u015bwiadczania pozytywnych emocji oraz jako\u015b\u0107 i&nbsp;ilo\u015b\u0107 interakcji spo\u0142ecznych. Ekstrawertyczno\u015b\u0107 to postawa du\u017cej otwarto\u015bci na ludzi, kojarzona z towarzysko\u015bci\u0105 oraz wigorem. Introwersja oznacza nie\u015bmia\u0142o\u015b\u0107, preferowanie samotno\u015bci, postaw\u0119 pasywn\u0105 \u2013 wyczekuj\u0105c\u0105.<\/li>\n\n\n\n<li>Otwarto\u015b\u0107 na nowe do\u015bwiadczenia (lub zamkni\u0119to\u015b\u0107) \u2013 ciekawo\u015b\u0107 poznawcza, reakcja na nowe do\u015bwiadczenia, zmiany.&nbsp; Zamkni\u0119to\u015b\u0107 \u0142\u0105czona jest z konserwatyzmem i brakiem tolerancji r\u00f3\u017cnorodno\u015bci.<\/li>\n\n\n\n<li>Ugodowo\u015b\u0107 (lub antagonizm) \u2013 nastawienie do \u015bwiata spo\u0142ecznego, unikanie spor\u00f3w vs. nieust\u0119pliwo\u015b\u0107. Wysoka ugodowo\u015b\u0107 \u0142\u0105czona jest z du\u017c\u0105 ch\u0119ci\u0105 wsp\u00f3\u0142pracy i zrozumieniem dla innych. Postawa antagonistyczna mo\u017ce przejawia\u0107 sk\u0142onno\u015bci egocentryczne.&nbsp;<\/li>\n\n\n\n<li>&nbsp;Sumienno\u015b\u0107 (lub nieukierunkowanie) \u2013 wykazywanie samodyscypliny i konsekwencji w&nbsp;d\u0105\u017ceniu do za\u0142o\u017conych cel\u00f3w, skoncentrowanie na dzia\u0142aniu. Nieukierunkowanie wskazuje nisk\u0105 skrupulatno\u015b\u0107 i ma\u0142\u0105 motywacj\u0119 do osi\u0105gni\u0119\u0107.&nbsp;<\/li>\n<\/ul>\n\n\n\n<p>Jung wyr\u00f3\u017cni\u0142 cztery kolory odpowiadaj\u0105ce typom osobowo\u015bci. Jest to czerwony &#8211; zasadniczo\u015b\u0107, praktyczno\u015b\u0107, odpowiedzialno\u015b\u0107, szybko\u015b\u0107 w podejmowaniu decyzji, odwaga i zadaniowe nastawienie do pracy, czerwonych uwa\u017ca si\u0119 za naturalnych lider\u00f3w, jednak ich zasadniczo\u015b\u0107 i pragmatyzm sprawia, \u017ce z niech\u0119ci\u0105 po\u015bwi\u0119caj\u0105 czas na relacje mi\u0119dzyludzkie \u2013 przez co mog\u0105 by\u0107 oceniania jako nieempatyczni. Niebieski opisuje ludzi, kt\u00f3rzy s\u0105 skrupulatni, dobrze pouk\u0142adani, lubi\u0105 zasady i&nbsp;procedury; bardzo ceni\u0105 precyzj\u0119 (r\u00f3wnie\u017c komunikatu). Niebiescy maj\u0105 tendencj\u0119 do drobiazgowo\u015bci i grz\u0119\u017ani\u0119cia w szczeg\u00f3\u0142ach, polem do rozwoju jest zwi\u0119kszenie odporno\u015bci na stres oraz krytyk\u0119. &nbsp; Zielony (chyba w spos\u00f3b naturalny) kojarzony jest z r\u00f3wnowag\u0105 i harmoni\u0105, zieloni nie lubi\u0105 zmian, s\u0105 empatyczni; problemy analizuj\u0105 wielow\u0105tkowo. Maj\u0105 jednak tendencj\u0119 do spe\u0142niania oczekiwa\u0144 innych. \u017b\u00f3\u0142ty to kolor os\u00f3b spontanicznych, kreatywnych i optymistycznych; cechuje ich do\u015b\u0107 wysoka impulsywno\u015b\u0107 oraz niska systematyczno\u015b\u0107 i&nbsp;zdolno\u015bci analityczne. Polem do pracy mo\u017ce by\u0107 samodyscyplina, oraz porywczo\u015b\u0107 i sk\u0142onno\u015bci do manipulacji.<\/p>\n\n\n\n<p><em>Wsp\u00f3\u0142pracownik \u2013 kim jest?<\/em><\/p>\n\n\n\n<p>Wsp\u00f3\u0142pracownicy to osoby zatrudnione w tej samej organizacji, z kt\u00f3rymi prowadzone s\u0105 wsp\u00f3lne dzia\u0142ania zwi\u0105zane ze \u015bwiadczon\u0105 prac\u0105. Cz\u0119sto s\u0105 cz\u0142onkami jednego zespo\u0142u, odpowiedzialnego za realizacj\u0119 wsp\u00f3lnego celu.<\/p>\n\n\n\n<p>Zwykle nie wybieramy ich sami, lecz jeste\u015bmy zobligowani wsp\u00f3\u0142pracowa\u0107 z nimi. Ale jak to uczyni\u0107, gdy jest to osoba diametralnie r\u00f3\u017cna od nas? W nast\u0119pnej cz\u0119\u015bci artyku\u0142u znajdziemy opis, kilku takich typ\u00f3w wsp\u00f3\u0142pracownik\u00f3w, z kt\u00f3rymi mo\u017ce by\u0107 nam trudniej wsp\u00f3\u0142pracowa\u0107. Przyj\u0119cie obiegowych nazw to upraszczaj\u0105ca etykieta, zwykle na wej\u015bciu buduj\u0105ca niech\u0119\u0107. Od niej zaczynamy, ale szczeg\u00f3\u0142owe opisy maj\u0105 na celu podkre\u015blenie, \u017ce ka\u017cdy cz\u0142owiek jest wypadkow\u0105 cech i zdarze\u0144, kt\u00f3re go ukszta\u0142towany, oraz \u017ce ka\u017cdy mo\u017ce wnie\u015b\u0107 wiele dobrego do zespo\u0142u.<\/p>\n\n\n\n<p><em>Katarzyna Marczak dla Mental Health at Work &#8211; Psychologia dla Biznesu<\/em><\/p>\n\n\n\n<hr class=\"wp-block-separator has-alpha-channel-opacity\"\/>\n\n\n\n<p><strong>Bibliografia<\/strong><\/p>\n\n\n\n<ul class=\"wp-block-list\">\n<li>M. Huflejt-\u0141ukasik i wsp\u00f3\u0142pracownicy,&nbsp;<em>Zmiany Ja w toku psychoterapii,<\/em>&nbsp;Roczniki psychologiczne, 2015, XVIII, 3, 433-448.<\/li>\n\n\n\n<li>A. Beauval, A. Ga\u0142dowa (red.),&nbsp;<em>Klasyczne i wsp\u00f3\u0142czesne koncepcje osobowo\u015bci. Czynnikowe uj\u0119cie osobowo\u015bci (osobowo\u015b\u0107 w \u015bwietle r\u00f3\u017cnic indywidualnych)<\/em>. Krak\u00f3w: Wyd. UJ.<\/li>\n\n\n\n<li>Dobro\u0142owicz, W. (2020),&nbsp;<em>Typy umys\u0142\u00f3w<\/em>.,Annales Universitatis Mariae Curie-Sk\u0142odowska. Sectio J, Paedagogia-Psychologia, 33(2), 9\u201324. DOI:&nbsp;<a href=\"http:\/\/dx.doi.org\/10.17951\/j.2020.33.2.9-24\">http:\/\/dx.doi.org\/10.17951\/j.2020.33.2.9-24<\/a>.<\/li>\n<\/ul>","protected":false},"excerpt":{"rendered":"<p>Co w\u0142a\u015bciwie oznacza \u201eJa\u201d? Na \u015bwiecie jest blisko osiem miliard\u00f3w ludzi. Oznacza to, \u017ce jest dok\u0142adnie tyle postaci mog\u0105cych wypowiedzie\u0107 si\u0119 \u201eJa\u201d. Ale czym jest w og\u00f3le to \u201eJa\u201d? Najog\u00f3lniej m\u00f3wi\u0105c to \u015bwiadomo\u015b\u0107 w\u0142asnej osoby &#8211; jakie przypisuje si\u0119 sobie cechy i\u00a0dyspozycje, a tak\u017ce jakie ma si\u0119 przekonania o sobie. \u201cJa\u201d jest swoist\u0105 map\u0105, kt\u00f3ra [&hellip;]<\/p>\n","protected":false},"author":1,"featured_media":5188,"comment_status":"open","ping_status":"open","sticky":false,"template":"","format":"standard","meta":{"inline_featured_image":false,"footnotes":""},"categories":[3,4],"tags":[],"class_list":["post-5186","post","type-post","status-publish","format-standard","has-post-thumbnail","hentry","category-education","category-psychology"],"yoast_head":"<!-- This site is optimized with the Yoast SEO plugin v27.5 - https:\/\/yoast.com\/product\/yoast-seo-wordpress\/ -->\n<title>TRUDNI WSP\u00d3\u0141PRACOWNICY CZ. 1 - Mental Health at Work: Wsparcie psychologiczne i wi\u0119cej..<\/title>\n<meta name=\"robots\" content=\"index, follow, max-snippet:-1, max-image-preview:large, max-video-preview:-1\" \/>\n<link rel=\"canonical\" href=\"https:\/\/mentalhealthatwork.com.pl\/en\/trudni-wspolpracownicy-cz-1\/\" \/>\n<meta property=\"og:locale\" content=\"en_GB\" \/>\n<meta property=\"og:type\" content=\"article\" \/>\n<meta property=\"og:title\" content=\"TRUDNI WSP\u00d3\u0141PRACOWNICY CZ. 1 - Mental Health at Work: Wsparcie psychologiczne i wi\u0119cej..\" \/>\n<meta property=\"og:description\" content=\"Co w\u0142a\u015bciwie oznacza \u201eJa\u201d? Na \u015bwiecie jest blisko osiem miliard\u00f3w ludzi. Oznacza to, \u017ce jest dok\u0142adnie tyle postaci mog\u0105cych wypowiedzie\u0107 si\u0119 \u201eJa\u201d. Ale czym jest w og\u00f3le to \u201eJa\u201d? Najog\u00f3lniej m\u00f3wi\u0105c to \u015bwiadomo\u015b\u0107 w\u0142asnej osoby &#8211; jakie przypisuje si\u0119 sobie cechy i\u00a0dyspozycje, a tak\u017ce jakie ma si\u0119 przekonania o sobie. \u201cJa\u201d jest swoist\u0105 map\u0105, kt\u00f3ra [&hellip;]\" \/>\n<meta property=\"og:url\" content=\"https:\/\/mentalhealthatwork.com.pl\/en\/trudni-wspolpracownicy-cz-1\/\" \/>\n<meta property=\"og:site_name\" content=\"Mental Health at Work: Wsparcie psychologiczne i wi\u0119cej..\" \/>\n<meta property=\"article:publisher\" content=\"https:\/\/www.facebook.com\/mentalhealthatworkcompl\" \/>\n<meta property=\"article:published_time\" content=\"2023-01-04T11:13:28+00:00\" \/>\n<meta property=\"article:modified_time\" content=\"2023-02-01T15:44:05+00:00\" \/>\n<meta property=\"og:image\" content=\"https:\/\/mentalhealthatwork.com.pl\/wp-content\/uploads\/2023\/01\/meeting-g87044aed5_1920.jpg\" \/>\n\t<meta property=\"og:image:width\" content=\"1920\" \/>\n\t<meta property=\"og:image:height\" content=\"1280\" \/>\n\t<meta property=\"og:image:type\" content=\"image\/jpeg\" \/>\n<meta name=\"author\" content=\"Anna Le\u015bniakowska-Jaros\" \/>\n<meta name=\"twitter:card\" content=\"summary_large_image\" \/>\n<meta name=\"twitter:label1\" content=\"Written by\" \/>\n\t<meta name=\"twitter:data1\" content=\"Anna Le\u015bniakowska-Jaros\" \/>\n\t<meta name=\"twitter:label2\" content=\"Estimated reading time\" \/>\n\t<meta name=\"twitter:data2\" content=\"5 minutes\" \/>\n<script type=\"application\/ld+json\" class=\"yoast-schema-graph\">{\"@context\":\"https:\\\/\\\/schema.org\",\"@graph\":[{\"@type\":\"Article\",\"@id\":\"https:\\\/\\\/mentalhealthatwork.com.pl\\\/trudni-wspolpracownicy-cz-1\\\/#article\",\"isPartOf\":{\"@id\":\"https:\\\/\\\/mentalhealthatwork.com.pl\\\/trudni-wspolpracownicy-cz-1\\\/\"},\"author\":{\"name\":\"Anna Le\u015bnikowska-Jaros\",\"@id\":\"https:\\\/\\\/mentalhealthatwork.com.pl\\\/#\\\/schema\\\/person\\\/2be4b86487421b7b0abc6b4b7dbb06cc\"},\"headline\":\"TRUDNI WSP\u00d3\u0141PRACOWNICY CZ. 1\",\"datePublished\":\"2023-01-04T11:13:28+00:00\",\"dateModified\":\"2023-02-01T15:44:05+00:00\",\"mainEntityOfPage\":{\"@id\":\"https:\\\/\\\/mentalhealthatwork.com.pl\\\/trudni-wspolpracownicy-cz-1\\\/\"},\"wordCount\":1023,\"commentCount\":0,\"publisher\":{\"@id\":\"https:\\\/\\\/mentalhealthatwork.com.pl\\\/#organization\"},\"image\":{\"@id\":\"https:\\\/\\\/mentalhealthatwork.com.pl\\\/trudni-wspolpracownicy-cz-1\\\/#primaryimage\"},\"thumbnailUrl\":\"https:\\\/\\\/mentalhealthatwork.com.pl\\\/wp-content\\\/uploads\\\/2023\\\/01\\\/meeting-g87044aed5_1920.jpg\",\"articleSection\":[\"Education\",\"Psychology\"],\"inLanguage\":\"en-GB\",\"potentialAction\":[{\"@type\":\"CommentAction\",\"name\":\"Comment\",\"target\":[\"https:\\\/\\\/mentalhealthatwork.com.pl\\\/trudni-wspolpracownicy-cz-1\\\/#respond\"]}]},{\"@type\":\"WebPage\",\"@id\":\"https:\\\/\\\/mentalhealthatwork.com.pl\\\/trudni-wspolpracownicy-cz-1\\\/\",\"url\":\"https:\\\/\\\/mentalhealthatwork.com.pl\\\/trudni-wspolpracownicy-cz-1\\\/\",\"name\":\"TRUDNI WSP\u00d3\u0141PRACOWNICY CZ. 1 - Mental Health at Work: Wsparcie psychologiczne i wi\u0119cej..\",\"isPartOf\":{\"@id\":\"https:\\\/\\\/mentalhealthatwork.com.pl\\\/#website\"},\"primaryImageOfPage\":{\"@id\":\"https:\\\/\\\/mentalhealthatwork.com.pl\\\/trudni-wspolpracownicy-cz-1\\\/#primaryimage\"},\"image\":{\"@id\":\"https:\\\/\\\/mentalhealthatwork.com.pl\\\/trudni-wspolpracownicy-cz-1\\\/#primaryimage\"},\"thumbnailUrl\":\"https:\\\/\\\/mentalhealthatwork.com.pl\\\/wp-content\\\/uploads\\\/2023\\\/01\\\/meeting-g87044aed5_1920.jpg\",\"datePublished\":\"2023-01-04T11:13:28+00:00\",\"dateModified\":\"2023-02-01T15:44:05+00:00\",\"breadcrumb\":{\"@id\":\"https:\\\/\\\/mentalhealthatwork.com.pl\\\/trudni-wspolpracownicy-cz-1\\\/#breadcrumb\"},\"inLanguage\":\"en-GB\",\"potentialAction\":[{\"@type\":\"ReadAction\",\"target\":[\"https:\\\/\\\/mentalhealthatwork.com.pl\\\/trudni-wspolpracownicy-cz-1\\\/\"]}]},{\"@type\":\"ImageObject\",\"inLanguage\":\"en-GB\",\"@id\":\"https:\\\/\\\/mentalhealthatwork.com.pl\\\/trudni-wspolpracownicy-cz-1\\\/#primaryimage\",\"url\":\"https:\\\/\\\/mentalhealthatwork.com.pl\\\/wp-content\\\/uploads\\\/2023\\\/01\\\/meeting-g87044aed5_1920.jpg\",\"contentUrl\":\"https:\\\/\\\/mentalhealthatwork.com.pl\\\/wp-content\\\/uploads\\\/2023\\\/01\\\/meeting-g87044aed5_1920.jpg\",\"width\":1920,\"height\":1280},{\"@type\":\"BreadcrumbList\",\"@id\":\"https:\\\/\\\/mentalhealthatwork.com.pl\\\/trudni-wspolpracownicy-cz-1\\\/#breadcrumb\",\"itemListElement\":[{\"@type\":\"ListItem\",\"position\":1,\"name\":\"Strona g\u0142\u00f3wna\",\"item\":\"https:\\\/\\\/mentalhealthatwork.com.pl\\\/\"},{\"@type\":\"ListItem\",\"position\":2,\"name\":\"TRUDNI WSP\u00d3\u0141PRACOWNICY CZ. 1\"}]},{\"@type\":\"WebSite\",\"@id\":\"https:\\\/\\\/mentalhealthatwork.com.pl\\\/#website\",\"url\":\"https:\\\/\\\/mentalhealthatwork.com.pl\\\/\",\"name\":\"Mental Health at Work: Wsparcie psychologiczne i wi\u0119cej..\",\"description\":\"Zdrowie psychiczne, zdrowa wsp\u00f3\u0142praca i zdrowa efektywno\u015b\u0107 ? Tego potrzebujesz? To po to jeste\u015bmy! Zapraszamy.\",\"publisher\":{\"@id\":\"https:\\\/\\\/mentalhealthatwork.com.pl\\\/#organization\"},\"potentialAction\":[{\"@type\":\"SearchAction\",\"target\":{\"@type\":\"EntryPoint\",\"urlTemplate\":\"https:\\\/\\\/mentalhealthatwork.com.pl\\\/?s={search_term_string}\"},\"query-input\":{\"@type\":\"PropertyValueSpecification\",\"valueRequired\":true,\"valueName\":\"search_term_string\"}}],\"inLanguage\":\"en-GB\"},{\"@type\":\"Organization\",\"@id\":\"https:\\\/\\\/mentalhealthatwork.com.pl\\\/#organization\",\"name\":\"Mental Health at Work: Wsparcie psychologiczne i wi\u0119cej..\",\"url\":\"https:\\\/\\\/mentalhealthatwork.com.pl\\\/\",\"logo\":{\"@type\":\"ImageObject\",\"inLanguage\":\"en-GB\",\"@id\":\"https:\\\/\\\/mentalhealthatwork.com.pl\\\/#\\\/schema\\\/logo\\\/image\\\/\",\"url\":\"https:\\\/\\\/mentalhealthatwork.com.pl\\\/wp-content\\\/uploads\\\/2022\\\/08\\\/MH_logo1-1.png\",\"contentUrl\":\"https:\\\/\\\/mentalhealthatwork.com.pl\\\/wp-content\\\/uploads\\\/2022\\\/08\\\/MH_logo1-1.png\",\"width\":187,\"height\":70,\"caption\":\"Mental Health at Work: Wsparcie psychologiczne i wi\u0119cej..\"},\"image\":{\"@id\":\"https:\\\/\\\/mentalhealthatwork.com.pl\\\/#\\\/schema\\\/logo\\\/image\\\/\"},\"sameAs\":[\"https:\\\/\\\/www.facebook.com\\\/mentalhealthatworkcompl\"]},{\"@type\":\"Person\",\"@id\":\"https:\\\/\\\/mentalhealthatwork.com.pl\\\/#\\\/schema\\\/person\\\/2be4b86487421b7b0abc6b4b7dbb06cc\",\"name\":\"Anna Le\u015bnikowska-Jaros\",\"sameAs\":[\"https:\\\/\\\/mentalhealthatwork.com.pl\"],\"url\":\"https:\\\/\\\/mentalhealthatwork.com.pl\\\/en\\\/author\\\/annalj\\\/\"}]}<\/script>\n<!-- \/ Yoast SEO plugin. -->","yoast_head_json":{"title":"TRUDNI WSP\u00d3\u0141PRACOWNICY CZ. 1 - Mental Health at Work: Wsparcie psychologiczne i wi\u0119cej..","robots":{"index":"index","follow":"follow","max-snippet":"max-snippet:-1","max-image-preview":"max-image-preview:large","max-video-preview":"max-video-preview:-1"},"canonical":"https:\/\/mentalhealthatwork.com.pl\/en\/trudni-wspolpracownicy-cz-1\/","og_locale":"en_GB","og_type":"article","og_title":"TRUDNI WSP\u00d3\u0141PRACOWNICY CZ. 1 - Mental Health at Work: Wsparcie psychologiczne i wi\u0119cej..","og_description":"Co w\u0142a\u015bciwie oznacza \u201eJa\u201d? Na \u015bwiecie jest blisko osiem miliard\u00f3w ludzi. Oznacza to, \u017ce jest dok\u0142adnie tyle postaci mog\u0105cych wypowiedzie\u0107 si\u0119 \u201eJa\u201d. Ale czym jest w og\u00f3le to \u201eJa\u201d? Najog\u00f3lniej m\u00f3wi\u0105c to \u015bwiadomo\u015b\u0107 w\u0142asnej osoby &#8211; jakie przypisuje si\u0119 sobie cechy i\u00a0dyspozycje, a tak\u017ce jakie ma si\u0119 przekonania o sobie. \u201cJa\u201d jest swoist\u0105 map\u0105, kt\u00f3ra [&hellip;]","og_url":"https:\/\/mentalhealthatwork.com.pl\/en\/trudni-wspolpracownicy-cz-1\/","og_site_name":"Mental Health at Work: Wsparcie psychologiczne i wi\u0119cej..","article_publisher":"https:\/\/www.facebook.com\/mentalhealthatworkcompl","article_published_time":"2023-01-04T11:13:28+00:00","article_modified_time":"2023-02-01T15:44:05+00:00","og_image":[{"width":1920,"height":1280,"url":"https:\/\/mentalhealthatwork.com.pl\/wp-content\/uploads\/2023\/01\/meeting-g87044aed5_1920.jpg","type":"image\/jpeg"}],"author":"Anna Le\u015bniakowska-Jaros","twitter_card":"summary_large_image","twitter_misc":{"Written by":"Anna Le\u015bniakowska-Jaros","Estimated reading time":"5 minutes"},"schema":{"@context":"https:\/\/schema.org","@graph":[{"@type":"Article","@id":"https:\/\/mentalhealthatwork.com.pl\/trudni-wspolpracownicy-cz-1\/#article","isPartOf":{"@id":"https:\/\/mentalhealthatwork.com.pl\/trudni-wspolpracownicy-cz-1\/"},"author":{"name":"Anna Le\u015bnikowska-Jaros","@id":"https:\/\/mentalhealthatwork.com.pl\/#\/schema\/person\/2be4b86487421b7b0abc6b4b7dbb06cc"},"headline":"TRUDNI WSP\u00d3\u0141PRACOWNICY CZ. 1","datePublished":"2023-01-04T11:13:28+00:00","dateModified":"2023-02-01T15:44:05+00:00","mainEntityOfPage":{"@id":"https:\/\/mentalhealthatwork.com.pl\/trudni-wspolpracownicy-cz-1\/"},"wordCount":1023,"commentCount":0,"publisher":{"@id":"https:\/\/mentalhealthatwork.com.pl\/#organization"},"image":{"@id":"https:\/\/mentalhealthatwork.com.pl\/trudni-wspolpracownicy-cz-1\/#primaryimage"},"thumbnailUrl":"https:\/\/mentalhealthatwork.com.pl\/wp-content\/uploads\/2023\/01\/meeting-g87044aed5_1920.jpg","articleSection":["Education","Psychology"],"inLanguage":"en-GB","potentialAction":[{"@type":"CommentAction","name":"Comment","target":["https:\/\/mentalhealthatwork.com.pl\/trudni-wspolpracownicy-cz-1\/#respond"]}]},{"@type":"WebPage","@id":"https:\/\/mentalhealthatwork.com.pl\/trudni-wspolpracownicy-cz-1\/","url":"https:\/\/mentalhealthatwork.com.pl\/trudni-wspolpracownicy-cz-1\/","name":"TRUDNI WSP\u00d3\u0141PRACOWNICY CZ. 1 - Mental Health at Work: Wsparcie psychologiczne i wi\u0119cej..","isPartOf":{"@id":"https:\/\/mentalhealthatwork.com.pl\/#website"},"primaryImageOfPage":{"@id":"https:\/\/mentalhealthatwork.com.pl\/trudni-wspolpracownicy-cz-1\/#primaryimage"},"image":{"@id":"https:\/\/mentalhealthatwork.com.pl\/trudni-wspolpracownicy-cz-1\/#primaryimage"},"thumbnailUrl":"https:\/\/mentalhealthatwork.com.pl\/wp-content\/uploads\/2023\/01\/meeting-g87044aed5_1920.jpg","datePublished":"2023-01-04T11:13:28+00:00","dateModified":"2023-02-01T15:44:05+00:00","breadcrumb":{"@id":"https:\/\/mentalhealthatwork.com.pl\/trudni-wspolpracownicy-cz-1\/#breadcrumb"},"inLanguage":"en-GB","potentialAction":[{"@type":"ReadAction","target":["https:\/\/mentalhealthatwork.com.pl\/trudni-wspolpracownicy-cz-1\/"]}]},{"@type":"ImageObject","inLanguage":"en-GB","@id":"https:\/\/mentalhealthatwork.com.pl\/trudni-wspolpracownicy-cz-1\/#primaryimage","url":"https:\/\/mentalhealthatwork.com.pl\/wp-content\/uploads\/2023\/01\/meeting-g87044aed5_1920.jpg","contentUrl":"https:\/\/mentalhealthatwork.com.pl\/wp-content\/uploads\/2023\/01\/meeting-g87044aed5_1920.jpg","width":1920,"height":1280},{"@type":"BreadcrumbList","@id":"https:\/\/mentalhealthatwork.com.pl\/trudni-wspolpracownicy-cz-1\/#breadcrumb","itemListElement":[{"@type":"ListItem","position":1,"name":"Strona g\u0142\u00f3wna","item":"https:\/\/mentalhealthatwork.com.pl\/"},{"@type":"ListItem","position":2,"name":"TRUDNI WSP\u00d3\u0141PRACOWNICY CZ. 1"}]},{"@type":"WebSite","@id":"https:\/\/mentalhealthatwork.com.pl\/#website","url":"https:\/\/mentalhealthatwork.com.pl\/","name":"Mental Health at Work: Wsparcie psychologiczne i wi\u0119cej..","description":"Zdrowie psychiczne, zdrowa wsp\u00f3\u0142praca i zdrowa efektywno\u015b\u0107 ? Tego potrzebujesz? To po to jeste\u015bmy! Zapraszamy.","publisher":{"@id":"https:\/\/mentalhealthatwork.com.pl\/#organization"},"potentialAction":[{"@type":"SearchAction","target":{"@type":"EntryPoint","urlTemplate":"https:\/\/mentalhealthatwork.com.pl\/?s={search_term_string}"},"query-input":{"@type":"PropertyValueSpecification","valueRequired":true,"valueName":"search_term_string"}}],"inLanguage":"en-GB"},{"@type":"Organization","@id":"https:\/\/mentalhealthatwork.com.pl\/#organization","name":"Mental Health at Work: Wsparcie psychologiczne i wi\u0119cej..","url":"https:\/\/mentalhealthatwork.com.pl\/","logo":{"@type":"ImageObject","inLanguage":"en-GB","@id":"https:\/\/mentalhealthatwork.com.pl\/#\/schema\/logo\/image\/","url":"https:\/\/mentalhealthatwork.com.pl\/wp-content\/uploads\/2022\/08\/MH_logo1-1.png","contentUrl":"https:\/\/mentalhealthatwork.com.pl\/wp-content\/uploads\/2022\/08\/MH_logo1-1.png","width":187,"height":70,"caption":"Mental Health at Work: Wsparcie psychologiczne i wi\u0119cej.."},"image":{"@id":"https:\/\/mentalhealthatwork.com.pl\/#\/schema\/logo\/image\/"},"sameAs":["https:\/\/www.facebook.com\/mentalhealthatworkcompl"]},{"@type":"Person","@id":"https:\/\/mentalhealthatwork.com.pl\/#\/schema\/person\/2be4b86487421b7b0abc6b4b7dbb06cc","name":"Anna Le\u015bnikowska-Jaros","sameAs":["https:\/\/mentalhealthatwork.com.pl"],"url":"https:\/\/mentalhealthatwork.com.pl\/en\/author\/annalj\/"}]}},"authors":[],"_links":{"self":[{"href":"https:\/\/mentalhealthatwork.com.pl\/en\/wp-json\/wp\/v2\/posts\/5186","targetHints":{"allow":["GET"]}}],"collection":[{"href":"https:\/\/mentalhealthatwork.com.pl\/en\/wp-json\/wp\/v2\/posts"}],"about":[{"href":"https:\/\/mentalhealthatwork.com.pl\/en\/wp-json\/wp\/v2\/types\/post"}],"author":[{"embeddable":true,"href":"https:\/\/mentalhealthatwork.com.pl\/en\/wp-json\/wp\/v2\/users\/1"}],"replies":[{"embeddable":true,"href":"https:\/\/mentalhealthatwork.com.pl\/en\/wp-json\/wp\/v2\/comments?post=5186"}],"version-history":[{"count":2,"href":"https:\/\/mentalhealthatwork.com.pl\/en\/wp-json\/wp\/v2\/posts\/5186\/revisions"}],"predecessor-version":[{"id":5202,"href":"https:\/\/mentalhealthatwork.com.pl\/en\/wp-json\/wp\/v2\/posts\/5186\/revisions\/5202"}],"wp:featuredmedia":[{"embeddable":true,"href":"https:\/\/mentalhealthatwork.com.pl\/en\/wp-json\/wp\/v2\/media\/5188"}],"wp:attachment":[{"href":"https:\/\/mentalhealthatwork.com.pl\/en\/wp-json\/wp\/v2\/media?parent=5186"}],"wp:term":[{"taxonomy":"category","embeddable":true,"href":"https:\/\/mentalhealthatwork.com.pl\/en\/wp-json\/wp\/v2\/categories?post=5186"},{"taxonomy":"post_tag","embeddable":true,"href":"https:\/\/mentalhealthatwork.com.pl\/en\/wp-json\/wp\/v2\/tags?post=5186"}],"curies":[{"name":"wp","href":"https:\/\/api.w.org\/{rel}","templated":true}]}}